{"provider_url": "https://www.exu.pe.leg.br", "title": "Acesso", "html": "<p style=\"text-align: center; \"><img src=\"https://www.exu.pe.leg.br/institucional/noticias/reinauguracao-do-predio-da-camara-de-exu/image\" alt=\"Reinaugura\u00e7\u00e3o do pr\u00e9dio da C\u00e2mara Municipal de Exu-PE\" title=\"Reinaugura\u00e7\u00e3o do Pr\u00e9dio da C\u00e2mara de Exu\" /></p>\r\n<p style=\"text-align: center; \">Rua Eufr\u00e1sio Alencar, Centro - Exu-PE.</p>\r\n<p style=\"text-align: center; \">Contato: (87) 3879-1099</p>\r\n<p style=\"text-align: center; \">Hor\u00e1rio de atendimento: de segunda \u00e0 sexta, das 8h \u00e0s 13h</p>\r\n<p style=\"text-align: center; \">Participe das reuni\u00f5es desta Casa Legislativas, todas as quintas-feiras \u00e1s <strong>14h</strong>.</p>\r\n<div style=\"text-align: center; \"><iframe src=\"https://www.google.com/maps/embed?pb=!1m13!1m8!1m3!1d4959.9323074478225!2d-39.72204404273301!3d-7.511018994578293!3m2!1i1024!2i768!4f13.1!3m2!1m1!2zN8KwMzAnMzkuOCJTIDM5wrA0MycxOS43Ilc!5e1!3m2!1spt-BR!2sbr!4v1694009035059!5m2!1spt-BR!2sbr\" width=\"600\" height=\"450\" allowfullscreen=\"\" style=\"\"></iframe></div>", "author_name": "Interlegis", "version": "1.0", "author_url": "https://www.exu.pe.leg.br/author/Interlegis", "provider_name": "C\u00e2mara Municipal de Exu", "type": "rich"}