{"provider_url": "https://www.exu.pe.leg.br", "title": "Hist\u00f3ria", "html": "<h3 style=\"text-align: center; \">PATRONO DA C\u00c2MARA MUNICIPAL DE EXU</h3>\r\n<p style=\"text-align: center; \"><strong>Raimundo Geraldo de Carvalho</strong></p>\r\n<p style=\"text-align: center; \"><strong>\"Seu Mundin\"</strong></p>\r\n<p style=\"text-align: justify; \">\u00a0 \u00a0 \u00a0 \u00a0 Sertanejo t\u00edpico, exuense nato, Raimundo Geraldo de Carvalho, filho de Major Jo\u00e3o Geraldo de Carvalho e Dona Tereza C\u00e2ndida de Carvalho, nascido no dia 3 (tr\u00eas) de fevereiro de 1905. Inicialmente estudou com professor em casa, contratado por seus pais e aproveitou o m\u00e1ximo do aprendizado ministrado pelo mestre nos meses necess\u00e1rios para um m\u00ednimo de conhecimentos \u00fateis em sua vida futura. Todavia, continuou estudando por conta pr\u00f3pria para melhorar seu \u00edndice de conhecimento. Aos 16/17 anos, com autoriza\u00e7\u00e3o e seus pais, deixou o conforto e aconchego da fam\u00edlia na Fazenda Ouro e se deslocou para a vizinha cidade de Crato-CE, onde conseguiu emprego na loja de tecidos do empres\u00e1rio Sr. Siqueira Campos. Trabalhando alguns anos, jamais esqueceu aquele per\u00edodo, aproveitando o tempo noturno para estudar na Escola de Com\u00e9rcio do Crato-CE. Seu trabalho lhe deu a independ\u00eancia para saber se conduzir durante a sua exist\u00eancia.<br />\u00a0 \u00a0 \u00a0 \u00a0 Aos 19 anos casou com sua prima Alvenir Peixoto de Alencar, voltou a morar em Exu e se fez agro-pecuarista nas fazendas Ouro e Mani\u00e7oba.<br />\u00a0 \u00a0 \u00a0 \u00a0 Seu casamento durou 15 anos de eterna felicidade e quis o destino que sua amada falecesse em fevereiro de 1940, deixando uma prole de cinco filhos, menores.<br />\u00a0 \u00a0 \u00a0 \u00a0 Correspondendo a responsabilidade que lhe era peculiar, como homem digno, trabalhador incans\u00e1vel e cumpridor de suas obriga\u00e7\u00f5es, fez o melhor pela fam\u00edlia e encaminhou a todos para um futuro promissor.<br />\u00a0 \u00a0 \u00a0 \u00a0 Amigo, solid\u00e1rio e respeitado por todos. Logo se tornou um l\u00edder familiar e conselheiro, j\u00e1 que era um homem de uma percep\u00e7\u00e3o agu\u00e7ada, passou a ajudar a todos que o procuravam para solu\u00e7\u00f5es poss\u00edveis em problemas diversos.<br />\u00a0 \u00a0 \u00a0 \u00a0 Fazendo parte da elite social, rural e pol\u00edtica exuense, foi eleito vereador para o per\u00edodo de 1954 a 1958, tendo aprovado de sua autoria, v\u00e1rios projetos, como: a aquisi\u00e7\u00e3o do a\u00e7ude Itamaragi em Exu e o da Rajada no Distrito de Timorante. Ainda como pol\u00edtico, foi eleito vice-prefeito juntamente com o prefeito eleito Jos\u00e9 Miranda Parente. Na \u00e9poca os vices-prefeitos eram eleitos com votos independentes do prefeito. Em sua elei\u00e7\u00e3o recebeu mais votos que o prefeito eleito.<br />\u00a0 \u00a0 \u00a0 \u00a0 Como pol\u00edtico, moderado, n\u00e3o fez e t\u00e3o pouco deixou inimigos e sim advers\u00e1rios os quais considerava seus amigos e foi homenageado com o projeto do vereador Jo\u00e3o Carlos de Alencar, presidente da C\u00e2mara Municipal, e aprovou por unanimidade para Patrono da mesma, denominada de \u201cCASA MUNDINHO GERALDO\u201d.<br />\u00a0 \u00a0 \u00a0 \u00a0 Faleceu na sua Fazenda Mani\u00e7oba, em 17 de maio de 1985.</p>\r\n<p style=\"text-align: right; \"><em>Exu-PE, 9 de julho de 2024</em>.</p>\r\n<p style=\"text-align: center; \">Evaldo Peixoto de Carvalho<br />Francisco Givaldo Peixoto de Carvalho</p>\r\n<p>\u00a0</p>\r\n<h3 style=\"text-align: center; \">PARLAMENTARES DAS ANTIGAS</h3>\r\n<p>\u00a0<em>Clique na imagem abaixo para acessar a galeria de vereadores...</em></p>\r\n<p><a title=\"\" href=\"https://www.exu.pe.leg.br/materias-legislativas/legislaturas-exuense/galeria-de-legislaturas-antigas\" class=\"internal-link\" target=\"_self\"><img src=\"https://www.exu.pe.leg.br/institucional/noticias/galeria-de-vereadores-de-exu/image\" alt=\"Fotos e datas de legislaturas de vereadores que participaram da hist\u00f3ria de Exu-PE\" title=\"Galeria de Vereadores de Exu-PE\" /></a></p>", "author_name": "Interlegis", "version": "1.0", "author_url": "https://www.exu.pe.leg.br/author/Interlegis", "provider_name": "C\u00e2mara Municipal de Exu", "type": "rich"}