{"provider_url": "https://www.exu.pe.leg.br", "title": "Elei\u00e7\u00f5es 2024 - Resultado", "html": "<p style=\"text-align: justify; \">\u00a0 \u00a0 \u00a0 \u00a0 \u00a0 Neste domingo, dia 6 de outubro, a popula\u00e7\u00e3o exuense exerceu sua cidadania e concedeu a vit\u00f3ria a chapa majorit\u00e1ria composta pelos candidatos Junior Pinto, prefeito, e Chico Afonso, vice-prefeito. Com o lema \"Exu cada vez melhor\", o candidato a prefeito eleito, Junio Pinto, obteve <strong>11.693</strong> votos, enquanto seu advers\u00e1rio Ger\u00e1rio Aquino teve <strong>11.152</strong> votos.\u00a0</p>\r\n<table class=\"invisible\" style=\"margin: 0 auto;\">\r\n<tbody>\r\n<tr><th><img src=\"https://www.exu.pe.leg.br/imagens/eleitos_2024/junio_pinto.jpeg/@@images/af7d076e-d64f-4d21-848d-9561a79ef366.jpeg\" alt=\"Junior Pinto\" class=\"image-inline\" title=\"junio_pinto.jpeg\" /></th></tr>\r\n<tr>\r\n<td style=\"text-align: center; \">J\u00fanior Pinto</td>\r\n</tr>\r\n</tbody>\r\n</table>\r\n<p style=\"text-align: justify; \">\u00a0</p>\r\n<p style=\"text-align: justify; \">\u00a0 \u00a0 \u00a0 \u00a0 \u00a0 \u00a0Para o pleito 2025/2028 a Casa Legislativa de Exu ser\u00e1 constitu\u00edda por 13 candidatos a vereador, eleitos.</p>\r\n<table class=\"invisible\" style=\"margin: 0 auto;\">\r\n<tbody>\r\n<tr><th colspan=\"2\" style=\"text-align: center; \">CANDIDATOS A VEREADOR ELEITOS EM 2024</th></tr>\r\n<tr>\r\n<td><img src=\"https://www.exu.pe.leg.br/imagens/eleitos_2024/duda_mulato.jpeg/@@images/ff41ec19-d9c6-40cc-9f7b-b03ab0dd6840.jpeg\" title=\"duda_mulato.jpeg\" align=\"left\" height=\"50%\" alt=\"duda_mulato.jpeg\" class=\"image-inline\" /></td>\r\n<td><strong>Duda Mulato</strong><br /><span>Partido:</span><i>\u00a0Avante</i><br /><span>Candidato eleito com 1520 votos</span></td>\r\n</tr>\r\n<tr>\r\n<td><img src=\"https://www.exu.pe.leg.br/imagens/eleitos_2024/jean_de_leo.jpeg/@@images/f92fd9d2-dd3f-4e45-bedc-fe1e9df09ae7.jpeg\" title=\"\" align=\"left\" height=\"50%\" alt=\"jean_de_leo.jpeg\" class=\"image-inline\" /></td>\r\n<td><strong>Jean de L\u00e9o</strong><br /><span>Partido:</span><i>\u00a0PP</i><br /><span>Candidato eleito com 1209 votos</span></td>\r\n</tr>\r\n<tr>\r\n<td><img src=\"https://www.exu.pe.leg.br/imagens/eleitos_2024/jurandir_severo.jpeg/@@images/8e16257a-68af-4a0c-a42d-750ac07195dd.jpeg\" title=\"\" align=\"left\" height=\"50%\" alt=\"jurandir_severo.jpeg\" class=\"image-inline\" /></td>\r\n<td><strong>Jurandir Severo</strong><br /><span>Partido:</span><i>\u00a0PP</i><br /><span>Candidato reeleito com 1192 votos</span></td>\r\n</tr>\r\n<tr>\r\n<td><img src=\"https://www.exu.pe.leg.br/imagens/eleitos_2024/fafa_saraiva.jpeg/@@images/da4735aa-084b-4813-8bde-00feed78c94f.jpeg\" title=\"\" align=\"left\" height=\"50%\" alt=\"fafa_saraiva.jpeg\" class=\"image-inline\" /></td>\r\n<td><strong>Fafa Saraiva</strong><br /><span>Partido:</span><i>\u00a0PP</i><br /><span>Candidata reeleita com 1168 votos</span></td>\r\n</tr>\r\n<tr>\r\n<td><img src=\"https://www.exu.pe.leg.br/imagens/eleitos_2024/roberto_bento.jpeg/@@images/39fd8f16-6cb7-442a-ab21-368c744ef994.jpeg\" title=\"\" align=\"left\" height=\"50%\" alt=\"roberto_bento.jpeg\" class=\"image-inline\" /></td>\r\n<td><strong>Roberto Bento</strong><br /><span>Partido:</span><i>\u00a0PSB</i><br /><span>Candidato reeleito com 1028 votos</span></td>\r\n</tr>\r\n<tr>\r\n<td><img src=\"https://www.exu.pe.leg.br/imagens/eleitos_2024/dra_andreia.jpeg/@@images/0e55cfae-e2e2-45a6-a123-ec55a59f32ac.jpeg\" title=\"\" align=\"left\" height=\"50%\" alt=\"dra_andreia.jpeg\" class=\"image-inline\" /></td>\r\n<td><strong>Andreia de Ruga</strong><br /><span>Partido:\u00a0</span><i>PP</i><br /><span>Candidata eleita com 970 votos</span></td>\r\n</tr>\r\n<tr>\r\n<td><img src=\"https://www.exu.pe.leg.br/imagens/eleitos_2024/dra_emanuela.jpeg/@@images/7dd3bdf3-b382-45ae-be44-d0d626e6c0ae.jpeg\" title=\"\" align=\"left\" height=\"50%\" alt=\"dra_emanuela.jpeg\" class=\"image-inline\" /></td>\r\n<td><strong>Dra. Emanuela Saraiva</strong><br /><span>Partido:\u00a0</span><i>PP</i><br /><span>Candidata eleita com 827 votos</span></td>\r\n</tr>\r\n<tr>\r\n<td><img src=\"https://www.exu.pe.leg.br/imagens/eleitos_2024/gean_bastiao.jpeg/@@images/714176a3-25f6-4a00-83c8-1afb03b5f19d.jpeg\" title=\"\" align=\"left\" height=\"50%\" alt=\"gean_bastiao.jpeg\" class=\"image-inline\" /></td>\r\n<td><b>Gean Basti\u00e3o</b><br />Partido: <i>PSB</i><br />Candidato reeleito com 793 votos</td>\r\n</tr>\r\n<tr>\r\n<td><img src=\"https://www.exu.pe.leg.br/imagens/eleitos_2024/antonio_parente.jpeg/@@images/a7d42abd-0bce-4bc1-8498-417cb293099d.jpeg\" title=\"\" align=\"left\" height=\"50%\" alt=\"antonio_parente.jpeg\" class=\"image-inline\" /></td>\r\n<td><strong>Antonio Parente</strong><br /><span>Partido:\u00a0</span><em>PV</em><br /><span>Candidato reeleito com 753 votos</span></td>\r\n</tr>\r\n<tr>\r\n<td><img src=\"https://www.exu.pe.leg.br/imagens/eleitos_2024/quexim_do_exu.jpeg/@@images/34b47f9c-14ef-4cab-bc34-becb2bf8c69b.jpeg\" title=\"\" align=\"left\" height=\"50%\" alt=\"quexim_do_exu.jpeg\" class=\"image-inline\" /></td>\r\n<td><strong>Quexim do Exu</strong><br />Partido: <em>PV</em><br />Candidato eleito com 707 votos</td>\r\n</tr>\r\n<tr>\r\n<td><img src=\"https://www.exu.pe.leg.br/imagens/eleitos_2024/fagluze.jpeg/@@images/c73be7ab-355f-4ce0-8e14-c189c4979a05.jpeg\" title=\"\" align=\"left\" height=\"50%\" alt=\"fagluze.jpeg\" class=\"image-inline\" /></td>\r\n<td><strong>Fagluze</strong><br />Partido: <em>PT</em><br />Candidato reeleito com 679 votos</td>\r\n</tr>\r\n<tr>\r\n<td><img src=\"https://www.exu.pe.leg.br/imagens/eleitos_2024/davi_moreira.jpeg/@@images/ec81a726-86e8-4666-a680-506ee20b87bc.jpeg\" title=\"\" align=\"left\" height=\"50%\" alt=\"davi_moreira.jpeg\" class=\"image-inline\" /></td>\r\n<td><strong>Davi Moreira</strong><br />Partido: <em>Rede</em><br /><span>Candidato reeleito com 611 votos</span></td>\r\n</tr>\r\n<tr>\r\n<td><img src=\"https://www.exu.pe.leg.br/imagens/eleitos_2024/rodrigo_amaro.jpeg/@@images/7c823672-bff3-491a-9f75-27f4506a1a57.jpeg\" alt=\"rodrigo_amaro.jpeg\" class=\"image-inline\" title=\"rodrigo_amaro.jpeg\" /></td>\r\n<td><strong><strong>Rodrigo Amaro</strong><br /></strong><span>Partido:\u00a0</span><em>Avante</em><strong><br /></strong>Candidato eleito com 586 votos</td>\r\n</tr>\r\n</tbody>\r\n</table>", "author_name": "", "version": "1.0", "author_url": "https://www.exu.pe.leg.br/author/exu", "provider_name": "C\u00e2mara Municipal de Exu", "type": "rich"}