{"provider_url": "https://www.exu.pe.leg.br", "title": "Quadro de Vereadores - Legislatura 2021-2024", "html": "<p style=\"text-align: justify; \">Em sess\u00e3o solene, realizada no dia primeiro de janeiro do corrente ano, presidiada pela vereadora Maria de F\u00e1tima Pinto Saraiva, os vereadores empossados escolheram a nova mesa diretora da C\u00e2mara Municipal de Exu-PE para o bi\u00eanio de 2021-2022. Com chapa \u00fanica, foram eleitos o Sr. vereador <strong>Jurandir Severo de Carvalho</strong> (Presidente), o Sr. vereador <strong>Jos\u00e9 Pinto Saraiva Junior</strong> (1\u00ba Secret\u00e1rio) e o Sr. vereador <strong>Antonio Parente Sobrinho</strong> (2\u00ba Secret\u00e1rio). Em seus discursos a nova mesa diretora enfatizou a import\u00e2ncia do trabalho a ser desenvolvido e sinalizou boas inten\u00e7\u00f5es para junto com o executivo trabalhar para o cont\u00ednuo desenvolvimento da querida cidade do Rei do Bai\u00e3o.</p>\r\n<h2 style=\"text-align: center; \">VEREADORES 2021-2024</h2>\r\n<p>\u00a0</p>\r\n<table class=\"invisible\">\r\n<tbody>\r\n<tr><th colspan=\"3\" style=\"text-align: center; \">\r\n<h3>Mesa Diretora 2021/2022</h3>\r\n</th></tr>\r\n<tr>\r\n<td>\r\n<p><img src=\"https://www.exu.pe.leg.br/imagens/vereadores_2021_2024/junior-pinto.jpg/@@images/fa726d12-5fb9-499b-9ae7-8e1ab83a22c7.jpeg\" alt=\"junior pinto.jpg\" class=\"image-inline\" title=\"junior pinto.jpg\" /><br />Jos\u00e9 Pinto Saraiva Junior</p>\r\n</td>\r\n<td style=\"text-align: center; \">\r\n<p><img src=\"https://www.exu.pe.leg.br/imagens/vereadores_2013_a_2016/jurandir_severo.jpg/@@images/8be9ef34-14dc-4418-82f2-14ecba741c23.jpeg\" alt=\"Jurandir_Severo.jpg\" class=\"image-inline\" title=\"Jurandir_Severo.jpg\" /><br />Jurandir Severo de Carvalho</p>\r\n</td>\r\n<td style=\"text-align: center; \">\r\n<p><img src=\"https://www.exu.pe.leg.br/imagens/vereadores_2021_2024/antonio-parente.jpg/@@images/3d8135c7-ca6a-498d-a7df-8d5594a57fc8.jpeg\" alt=\"antonio parente.jpg\" class=\"image-inline\" title=\"antonio parente.jpg\" /><br />Antonio Parente Sobrinho</p>\r\n</td>\r\n</tr>\r\n</tbody>\r\n</table>\r\n<h2 class=\"tile-parlamentares\"></h2>\r\n<table class=\"invisible\">\r\n<tbody>\r\n<tr><th colspan=\"4\" style=\"text-align: center; \">\r\n<h3>Demais Vereadores 2021/2024</h3>\r\n</th></tr>\r\n<tr>\r\n<td>\r\n<p style=\"text-align: center; \"><img src=\"https://www.exu.pe.leg.br/imagens/vereadores_2021_2024/antonio-bebe.jpg/@@images/3249c600-356d-4581-8199-bb2fbb14ab85.jpeg\" alt=\"antonio bebe.jpg\" class=\"image-inline\" title=\"antonio bebe.jpg\" /><br />Antonio Lopes</p>\r\n</td>\r\n<td style=\"text-align: center; \">\r\n<p style=\"text-align: center; \"><img src=\"https://www.exu.pe.leg.br/imagens/vereadores_2021_2024/davi-moreira.jpg/@@images/f0c90dcc-d255-4ba4-bd74-b7d1f53de1f8.jpeg\" alt=\"davi moreira.jpg\" class=\"image-inline\" title=\"davi moreira.jpg\" /><br />Davi Moreira</p>\r\n</td>\r\n<td style=\"text-align: center; \">\r\n<p><img src=\"https://www.exu.pe.leg.br/imagens/vereadores_2021_2024/fag-de-elizeu.jpg/@@images/dc2bd5bc-f1e4-44c0-a9ee-e91a461af413.jpeg\" alt=\"Fag\" class=\"image-inline\" title=\"fag de elizeu.jpg\" /><br />Fagluz\u00e9 Am\u00e9rico</p>\r\n</td>\r\n<td style=\"text-align: center; \">\r\n<p><img src=\"https://www.exu.pe.leg.br/imagens/vereadores_2021_2024/gean-bastiao.jpg/@@images/1828ed36-611a-4678-9bda-124cfedb47a4.jpeg\" alt=\"gean bastiao.jpg\" class=\"image-inline\" title=\"gean bastiao.jpg\" /><br />Geangledsom Cordeiro</p>\r\n</td>\r\n</tr>\r\n<tr>\r\n<td>\r\n<p style=\"text-align: center; \"><img src=\"https://www.exu.pe.leg.br/imagens/vereadores_2021_2024/junior-de-jailson.jpg/@@images/4d396977-42f0-4901-8acd-480230fc2fbf.jpeg\" alt=\"junior de jailson.jpg\" class=\"image-inline\" title=\"junior de jailson.jpg\" /><br />Jos\u00e9 Jailson</p>\r\n</td>\r\n<td colspan=\"2\" style=\"text-align: center; \">\r\n<p>\u00a0<img src=\"https://www.exu.pe.leg.br/imagens/brasao_camara_exu_cpq.png\" alt=\"brasao_camara_exu_cpq.PNG\" class=\"image-inline\" title=\"brasao_camara_exu_cpq.PNG\" /></p>\r\n</td>\r\n<td style=\"text-align: center; \">\r\n<p><img src=\"https://www.exu.pe.leg.br/imagens/vereadores_2017_2020/Jose_Lopes_de_Araujo.jpg/@@images/f9a2ec0d-ac38-47e6-84be-e9264c6c8f5a.jpeg\" alt=\"\" class=\"image-inline\" title=\"\" /><br /><span>Jos\u00e9 Lopes</span></p>\r\n</td>\r\n</tr>\r\n<tr>\r\n<td>\r\n<p style=\"text-align: center; \"><img src=\"https://www.exu.pe.leg.br/imagens/vereadores_2021_2024/renato-badu.jpg/@@images/50381325-0a22-4d7d-9ebd-699d7e0b7cb2.jpeg\" alt=\"renato badu.jpg\" class=\"image-inline\" title=\"renato badu.jpg\" /><br /><span>Jos\u00e9 Renato</span></p>\r\n</td>\r\n<td style=\"text-align: center; \">\r\n<p>\u00a0<img src=\"https://www.exu.pe.leg.br/imagens/vereadores_2021_2024/miguel-do-sindicato.jpg/@@images/0cedce7e-d300-4894-8a5f-469ab5985d2e.jpeg\" alt=\"miguel do sindicato.jpg\" class=\"image-inline\" title=\"miguel do sindicato.jpg\" /><br /><span>Miguel Moreira</span></p>\r\n</td>\r\n<td style=\"text-align: center; \">\r\n<p><img src=\"https://www.exu.pe.leg.br/imagens/vereadores_2021_2024/roberto-bento.jpg/@@images/36e2906f-355c-4ecd-9d97-cc49bb538659.jpeg\" alt=\"roberto bento.jpg\" class=\"image-inline\" title=\"roberto bento.jpg\" /><br /><span>Roberto Bento</span>\u00a0</p>\r\n</td>\r\n<td style=\"text-align: center; \">\r\n<p><img src=\"https://www.exu.pe.leg.br/imagens/vereadores_2021_2024/severino_peixoto.jpg/@@images/35bfda5b-e3c2-499e-9510-d72ff1b3920d.jpeg\" alt=\"\" class=\"image-inline\" title=\"\" /><br />Severino Peixoto</p>\r\n</td>\r\n</tr>\r\n</tbody>\r\n</table>", "author_name": "", "version": "1.0", "author_url": "https://www.exu.pe.leg.br/author/exu", "provider_name": "C\u00e2mara Municipal de Exu", "type": "rich"}