{"provider_url": "https://www.exu.pe.leg.br", "title": "Nota de Pesar", "html": "<p style=\"text-align: justify; \">\u00a0 \u00a0 \u00a0 \u00a0 \u00a0 \u00a0\u00c9 com profundo pesar que a C\u00e2mara Municipal de Exu-PE, vem em nome de todos os Vereadores e funcion\u00e1rios da Casa se solidarizar com os familiares e amigos pelo falecimento do Sr. Severino Saraiva Bezerra, ocorrido nesta quinta-feira, 23 de setembro de 2021 na cidade do Recife.<br />\u00a0 \u00a0 \u00a0 \u00a0 \u00a0 Severino Saraiva Bezerra, exerceu o cargo de Vereador desta Casa nas Legislaturas 1983 \u00e0 1989, 1989 \u00e0 1992, 2000 \u00e0 2004, 2005 \u00e0 agosto de 2007, sendo presidente no bi\u00eanio de 2001/2002. Ele deixa como legado uma bel\u00edssima trajet\u00f3ria marcada pelo respeito ao pr\u00f3ximo, amor e dedica\u00e7\u00e3o \u00e0 fam\u00edlia e amigos e relevantes servi\u00e7os prestados ao nosso munic\u00edpio.<br />\u00a0 \u00a0 \u00a0 \u00a0 \u00a0 \u00a0Exu perde um homem, s\u00e9rio, honesto e cumpridor de seus deveres.<br />\u00a0 \u00a0 \u00a0 \u00a0 \u00a0 \u00a0N\u00e3o temos mais palavras para expressar todos os nossos sentimentos. Pedimos a Deus que conforte o cora\u00e7\u00e3o dos familiares e amigos neste momento de dor.</p>", "author_name": "", "version": "1.0", "author_url": "https://www.exu.pe.leg.br/author/exu", "provider_name": "C\u00e2mara Municipal de Exu", "type": "rich"}