{"provider_url": "https://www.exu.pe.leg.br", "title": "Nova Mesa Diretora 2023/2024", "html": "<p style=\"text-align: justify; \">\u00a0 \u00a0 \u00a0 \u00a0Neste \u00faltimo domingo (dia 1 de janeiro), o vereador, <strong>Antonio Parente Sobrinho</strong>, teve sua posse como presidente da C\u00e2mara Municipal de Exu-PE para o bi\u00eanio 2023/2024. O evento foi marcado pela eleg\u00e2ncia da Fam\u00edlia Parente e pelas ilustres presen\u00e7as do prefeito do munic\u00edpio e sua primeira dama, do vice-prefeito e dos secret\u00e1rios de agricultura e urbanismo.</p>\r\n<p style=\"text-align: justify; \">\u00a0 \u00a0 \u00a0 \u00a0Fazendo uso da palavra o novo presidente da C\u00e2mara Municipal de Exu, Antonio Parente Sobrinho, demonstrou sua gratid\u00e3o e, respeitosamente, sua seriedade e compromisso com a nova jornada que se inicia.</p>\r\n<p style=\"text-align: justify; \">\u00a0 \u00a0 \u00a0 \u00a0Como primeiro e segundo secret\u00e1rios para compor a nova mesa diretora foram elegidos, respectivamete, o vereador <strong>Davi Moreira de Alencar</strong> e o vereador <strong>Jos\u00e9 Pinto Saraiva Junior</strong>.</p>\r\n<table class=\"invisible\" style=\"margin: 0 auto;\">\r\n<tbody>\r\n<tr>\r\n<td style=\"text-align: center; \"><br /><br /><br /><a title=\"\" href=\"https://www.exu.pe.leg.br/institucional/noticias/parlamentares/davi-moreira\" class=\"external-link\" target=\"_self\"><img src=\"https://www.exu.pe.leg.br/imagens/vereadores_2021_2024/fotos_2021-2024/davi-moreira.jpg/@@images/69d2bfef-6983-4c44-916c-74ea3d933afb.jpeg\" align=\"left\" class=\"image-inline\" alt=\"davi moreira.jpg\" title=\"\" /></a></td>\r\n<td style=\"text-align: center; \"><a title=\"\" href=\"https://www.exu.pe.leg.br/institucional/noticias/parlamentares/antonio-parente\" class=\"external-link\" target=\"_self\"><img src=\"https://www.exu.pe.leg.br/imagens/vereadores_2021_2024/antonio-parente.jpg\" align=\"left\" class=\"image-inline\" alt=\"antonio parente.jpg\" title=\"\" /></a></td>\r\n<td style=\"text-align: center; \"><br /><br /><br /><a title=\"\" href=\"https://www.exu.pe.leg.br/institucional/noticias/parlamentares/junior-pinto\" class=\"external-link\" target=\"_self\"><img src=\"https://www.exu.pe.leg.br/imagens/vereadores_2021_2024/fotos_2021-2024/junior-pinto.jpg/@@images/31bbf293-7268-49ca-8bf0-318e70e5d21f.jpeg\" align=\"left\" class=\"image-inline\" alt=\"junior pinto.jpg\" title=\"\" /></a></td>\r\n</tr>\r\n<tr>\r\n<td style=\"text-align: center; \"><strong>Davi Moreira de Alencar</strong><br /> 1\u00ba Secret\u00e1rio</td>\r\n<td style=\"text-align: center; \"><strong>Antonio Parente Sobrinho</strong><br />Presidente</td>\r\n<td style=\"text-align: center; \"><strong>Jos\u00e9 Pinto Saraiva Junior</strong><br />2\u00ba Secret\u00e1rio</td>\r\n</tr>\r\n</tbody>\r\n</table>\r\n<p style=\"text-align: center; \">\u00a0</p>", "author_name": "", "version": "1.0", "author_url": "https://www.exu.pe.leg.br/author/exu", "provider_name": "C\u00e2mara Municipal de Exu", "type": "rich"}