{"provider_url": "https://www.exu.pe.leg.br", "title": "Plano de Cargos e Carreiras", "html": "<p style=\"text-align: justify; \">\u00a0 \u00a0 \u00a0 \u00a0 \u00a0 A C\u00e2mara Municipal de Exu acolhe e participa dos importantes alinhamentos quanto ao relevante projeto PCC - Plano de Cargos e Carreiras do Quadro Permanente de Pessoal do Sistema P\u00fablico de Educa\u00e7\u00e3o de Exu, na manh\u00e3 desta quinta-feira, 9 de mar\u00e7o, para tornar-se pauta de destaque nesta casa legislativa. Com a participa\u00e7\u00e3o de representantes do Poder Executivo, do Poder Legislativo e do Sindicato dos Servidores P\u00fablicos de Exu,\u00a0 o evento foi de grande import\u00e2ncia e transpareceu a aten\u00e7\u00e3o e o compromisso da gest\u00e3o atual do munic\u00edpio para com o tema abordado, foram tratadas minuciosamente todas as constitucionalidades dos fatos dispostos no projeto. A submiss\u00e3o para aprova\u00e7\u00e3o do projeto na Casa Legislativa de Exu \u00e9 eminente.\u00a0</p>", "author_name": "", "version": "1.0", "author_url": "https://www.exu.pe.leg.br/author/exu", "provider_name": "C\u00e2mara Municipal de Exu", "type": "rich"}