{"provider_url": "https://www.exu.pe.leg.br", "title": "Ponto Facultativo para o Legislativo", "html": "<p style=\"text-align: justify; \">Fica declarado pontos facultativos no \u00e2mbito da C\u00e2mara de Vereadores de Exu, os dias <strong>5 e 6</strong> do corrente m\u00eas (quarta-feira e quinta-feira, respectivamente).</p>\r\n<p style=\"text-align: justify; \">O retorno das atividades do Poder Legislativo ser\u00e1 dia <strong>10 de Abril</strong> do corrente ano.\u00a0</p>\r\n<p style=\"text-align: right; \"><a class=\"external-link\" href=\"https://www.exu.pe.leg.br/leis/decretos-do-legislativo/decretos-de-2023/decreto-legislativo-006-2023\" target=\"_self\" title=\"\">Decreto Legislativo 006/2023</a></p>", "author_name": "", "version": "1.0", "author_url": "https://www.exu.pe.leg.br/author/exu", "provider_name": "C\u00e2mara Municipal de Exu", "type": "rich"}