{"provider_url": "https://www.exu.pe.leg.br", "title": "Reinaugura\u00e7\u00e3o do Pr\u00e9dio da C\u00e2mara de Exu", "html": "<p style=\"text-align: justify; \">Foi com muita alegria e satisfa\u00e7\u00e3o que o presidente da C\u00e2mara Municipal de Exu, C\u00edcero Vieira da Silva, e convidados reinauguraram, no dia 30 de dezembro de 2020, a nova estrutura do pr\u00e9dio da C\u00e2mara Municipal de Exu-PE. Para abrilhantar ainda mais o evento houve no mesmo momento a entrega de T\u00edtulos de Cidad\u00e3o Exuenses, a cinco ilustres pessoas, em reconhecimento aos seus servi\u00e7os prestados a popula\u00e7\u00e3o exuense.</p>\r\n<p><img src=\"https://www.exu.pe.leg.br/imagens/IMG20201231WA0005.jpg/@@images/ea3f03f0-8319-4985-b5ed-7131099b1f9e.jpeg\" alt=\"camara_frente\" class=\"image-inline\" title=\"camara_frente\" /></p>\r\n<p style=\"text-align: justify; \">Em seu discurso, o atual presidente enfatizou sua imensa felicidade por ter conclu\u00eddo este trabalho, ressaltou que reforma do ambiente externo fazia parte de um projeto que come\u00e7ou no seu primeiro ano de gest\u00e3o, com a confec\u00e7\u00e3o dos m\u00f3veis projetados desta Casa de Leis, priorizando o conforto dos seus funcion\u00e1rios e aproveitando os espa\u00e7os dispon\u00edveis.</p>\r\n<p style=\"text-align: justify; \"><img src=\"https://www.exu.pe.leg.br/imagens/IMG20201231WA0004.jpg/@@images/cc8bbe44-6592-470c-afd2-24ec6c3775a2.jpeg\" alt=\"frente_nome\" class=\"image-inline\" title=\"frente_nome\" /></p>\r\n<p style=\"text-align: justify; \"><img src=\"https://www.exu.pe.leg.br/imagens/IMG20201231WA0003.jpg/@@images/1e83de14-3af2-41e7-8390-6e874f9dbd09.jpeg\" alt=\"\" class=\"image-inline\" title=\"\" /></p>\r\n<p style=\"text-align: justify; \"><img src=\"https://www.exu.pe.leg.br/imagens/IMG20201231WA0006.jpg/@@images/9864c5c7-4ca6-45a3-97ca-4cb703d26311.jpeg\" alt=\"\" class=\"image-inline\" title=\"\" /></p>\r\n<p style=\"text-align: justify; \"><img src=\"https://www.exu.pe.leg.br/imagens/IMG20201231WA0007.jpg/@@images/c65408d4-7b33-404b-be7e-70cbb5def080.jpeg\" alt=\"\" class=\"image-inline\" title=\"\" /></p>", "author_name": "", "version": "1.0", "author_url": "https://www.exu.pe.leg.br/author/exu", "provider_name": "C\u00e2mara Municipal de Exu", "type": "rich"}