{"provider_url": "https://www.exu.pe.leg.br", "title": "Informativo Covid-19", "html": "<p style=\"text-align: justify; \"><span>A C\u00e2mara Municipal de Exu-PE, sob a presid\u00eancia do vereador C\u00edcero Vieira, como medida de enfrentamento ao Coronav\u00edrus, resolve estender por tempo indeterminado as disposi\u00e7\u00f5es na Portaria n\u00ba 05/2020 de 20 de mar\u00e7o emitida por esta entidade, ficando suspensa as sess\u00f5es ordin\u00e1rias e solenes da Casa Legislativa Municipal.\u00a0Os Projetos de Lei que necessitem de regime de urg\u00eancia de vota\u00e7\u00e3o dever\u00e3o ser votados em sess\u00f5es extraordin\u00e1rias, sem presen\u00e7a de p\u00fablico nas reuni\u00f5es, com a presen\u00e7a apenas de servidores do Poder Legislativo e Imprensa. Os servidores com 60 (sessenta) anos ou mais ser\u00e3o orientados a executarem seus trabalhos em regime de Home Office.</span></p>\r\n<p style=\"text-align: justify; \"><span>MEDIDAS DE ENFRENTAMENTO AO CORONAV\u00cdRUS:</span></p>\r\n<ul>\r\n<li>\r\n<p><span><a class=\"external-link\" href=\"https://exu.pe.gov.br/site/wp-content/uploads/2020/12/Decreto-065-Proibi%C3%A7%C3%A3o-de-M%C3%BAsica-ao-Vivo-nos-Bares.pdf\" target=\"_self\" title=\"\">Decreto GP 065/2020 - Medidas restritivas no \u00e2mbito comercial</a></span></p>\r\n</li>\r\n<li>\r\n<p><a class=\"external-link\" href=\"https://exu.pe.gov.br/site/wp-content/uploads/2020/06/035-RECEPCIONA-O-PLADO-DO-GOVERNO-ESTADO-RETOMADA-DO-COM%C3%89RCIO..pdf\" target=\"_self\" title=\"\">Decreto GP 035/2020 - DISP\u00d5E SOBRE A RECEPC\u00c3O NO AMBITO MUNICIPAL DO DECRETO ESTADUAL N\u00ba 49.055, DE 31 DE MAIO DE 2020</a></p>\r\n</li>\r\n<li>\r\n<p><a href=\"https://www.exu.pe.leg.br/banco-de-arquivos/ano-2020/portarias-2020/portaria-005-de-coronavirus.pdf\" target=\"_self\" title=\"\">Portaria 005/2020 de 20 de mar\u00e7o de 2020</a></p>\r\n</li>\r\n<li>\r\n<p><span><a href=\"https://www.exu.pe.leg.br/banco-de-arquivos/ano-2020/decretos/plano-municipal-de-contingencia.pdf\" target=\"_self\" title=\"\">Plano Municipal de Enfrentamento ao Coronav\u00edrus</a></span></p>\r\n</li>\r\n<li>\r\n<p><span><a href=\"https://www.exu.pe.leg.br/banco-de-arquivos/ano-2020/decretos/recomendacoe-do-ministerio-publico.pdf\" target=\"_self\" title=\"\">Recomenda\u00e7\u00e3o N\u00ba 003/2020 - PJEXU</a></span></p>\r\n</li>\r\n<li>\r\n<p><span><a href=\"https://www.exu.pe.leg.br/banco-de-arquivos/ano-2020/decretos/decreto-do-estado-de-pernambuco.pdf\" target=\"_self\" title=\"\">Decreto Estadual N\u00ba 48.832, de 19 de mar\u00e7o de 2020</a></span></p>\r\n</li>\r\n<li>\r\n<p><span><a href=\"https://www.exu.pe.leg.br/banco-de-arquivos/ano-2020/decretos/decreto-do-estado-de-pernambuco-estensao-de-medidas.pdf\" target=\"_self\" title=\"\">Decreto Estadual N\u00ba 48.857, de 25 de mar\u00e7o de 2020</a></span></p>\r\n</li>\r\n<li>\r\n<p><span><a href=\"https://www.exu.pe.leg.br/banco-de-arquivos/ano-2020/decretos/decreto-do-estado-de-pernambuco-modificacao-do-art-3.pdf\" target=\"_self\" title=\"\">Decreto Estadual N\u00ba 48.882, de 3 de abril de 2020</a></span></p>\r\n</li>\r\n<li>\r\n<p><span><a href=\"https://www.exu.pe.leg.br/banco-de-arquivos/ano-2020/decretos/decreto-do-estado-de-pernambuco-de-30-de-abril.pdf\" target=\"_self\" title=\"\">Decreto Estadual N\u00ba 48.983, de 30 de abril de 2020</a></span></p>\r\n</li>\r\n</ul>", "author_name": "", "version": "1.0", "author_url": "https://www.exu.pe.leg.br/author/exu", "provider_name": "C\u00e2mara Municipal de Exu", "type": "rich"}