{"provider_url": "https://www.exu.pe.leg.br", "title": "Carta de Servi\u00e7os", "html": "<p style=\"text-align: justify; \">\u00a0</p>\r\n<p style=\"text-align: justify; \">\u00a0 \u00a0 \u00a0 \u00a0 \u00a0 \u00a0 Compete ao\u00a0Poder Legislativo de Exu-PE, a aprova\u00e7\u00e3o de Leis Municipais e a fiscaliza\u00e7\u00e3o da Gest\u00e3o do Poder Executivo Municipal. E para tornar o cidad\u00e3o cada vez mais informado quanto ao cumprimento do seu papel, a C\u00e2mara Municipal disp\u00f5e dos seguintes servi\u00e7os:</p>\r\n<p style=\"text-align: justify; \">\u00a0</p>\r\n<hr />\r\n<h3 style=\"text-align: center; \"><b><br /></b></h3>\r\n<h3 style=\"text-align: center; \"><span class=\"visualHighlight\"><b>ATENDIMENTO COM A OUVIDORIA</b></span></h3>\r\n<p style=\"text-align: justify; \">\u00a0 \u00a0 \u00a0 \u00a0 \u00a0\u00a0<span>Servi\u00e7o de atendimento de manifesta\u00e7\u00f5es referentes a d\u00favidas, elogios, den\u00fancias, reclama\u00e7\u00f5es e pedidos de acesso a informa\u00e7\u00e3o.</span></p>\r\n<p style=\"text-align: justify; \"><strong>Formas de Acesso</strong></p>\r\n<ul>\r\n<li><span><strong>Presencial</strong>:\u00a0Procurar a Sala da Ouvidoria localizada na Rua Eufr\u00e1sio Alencar, s/n, Centro, Exu-PE, CEP: 56.230-000, de segunda a sexta-feira, das 8h \u00e0s 13h.</span></li>\r\n<li>\r\n<p><strong>N\u00e3o Presencial</strong>:\u00a0 Pelo telefone (87) 3879-1099, por e-mail ouvidoria@exu.pe.leg.br ou pelo e-SIC dispon\u00edvel em <a title=\"\" href=\"https://www.exu.pe.leg.br/transparencia/ouvidoria/pedido-de-informacao/nota-e-sic\" class=\"internal-link\" target=\"_self\">https://www.exu.pe.leg.br/transparencia/ouvidoria/atendimento-eletronico/nota-e-sic</a>.</p>\r\n</li>\r\n</ul>\r\n<p style=\"text-align: justify; \"><strong>Documentos Necess\u00e1rios e Etapas</strong></p>\r\n<p style=\"text-align: justify; padding-left: 30px; \"><strong></strong>\u00a0 \u00a0 \u00a0Para manifesta\u00e7\u00f5es presenciais o interessado deve apresentar um documento de identifica\u00e7\u00e3o com foto, ser\u00e1 coletado o nome, CPF e endere\u00e7o para fins de identifica\u00e7\u00e3o da manifesta\u00e7\u00e3o, fica a cargo do interessado se ele quer se dirigir periodicamente \u00e0 ouvidoria ou optar por mensagem de contato quando o servi\u00e7o for conclu\u00eddo.</p>\r\n<p style=\"text-align: justify; padding-left: 30px; \">\u00a0 \u00a0 \u00a0Se a manifesta\u00e7\u00e3o ocorrer de forma n\u00e3o presencial, o interessado deve informar seu nome e CPF, n\u00famero e \u00f3rg\u00e3o expedi\u00e7\u00e3o do RG (caso possua o documento), endere\u00e7o e meios de contato (telefone ou e-mail), nesse caso ele receber\u00e1 um n\u00famero de protocolo e todas as intera\u00e7\u00f5es e notifica\u00e7\u00e3o da conclus\u00e3o do servi\u00e7o ser\u00e1 atrav\u00e9s do meio de contato utilizado.</p>\r\n<p style=\"text-align: justify; \"><strong>Requisitos</strong></p>\r\n<p style=\"text-align: justify; padding-left: 30px; \"><strong></strong>\u00a0 \u00a0 \u00a0Nenhum requisito \u00e9 exigido.</p>\r\n<p style=\"text-align: justify; \"><strong>Prazos</strong></p>\r\n<p style=\"text-align: justify; padding-left: 30px; \"><strong></strong>\u00a0 \u00a0 \u00a0A inst\u00e2ncia do servi\u00e7o deve ser conclu\u00edda em 30 (trinta) dias, prorrog\u00e1veis por igual per\u00edodo mediante justificativa.</p>\r\n<p style=\"text-align: justify; padding-left: 30px; \">\u00a0</p>\r\n<hr />\r\n<p>\u00a0</p>\r\n<h3 style=\"text-align: center; \"><span class=\"visualHighlight\">CANAIS DE DEN\u00daNCIAS E ELOGIOS</span></h3>\r\n<p>\u00a0 \u00a0 \u00a0 \u00a0 \u00a0 Servi\u00e7o dedicado \u00e0s manifesta\u00e7\u00f5es de elogios, reclama\u00e7\u00f5es e den\u00fancias.</p>\r\n<p><strong>Formas de Acesso</strong></p>\r\n<ul>\r\n<li>\r\n<p><strong>Presencial:\u00a0</strong>Dirigindo-se a Sala da Ouvidoria, no endere\u00e7o: Rua Eufr\u00e1sio Alencar, s/n, Centro, Exu-PE, Cep: 56.230-000;</p>\r\n</li>\r\n<li>\r\n<p><strong>N\u00e3o Presencial</strong>:\u00a0 Por telefone <span>(87) 3879-1099, ou\u00a0</span>atrav\u00e9s da Internet no link\u00a0<a title=\"\" href=\"https://www.exu.pe.leg.br/transparencia/ouvidoria/fale-com-a-ouvidoria\" class=\"internal-link\" target=\"_self\">https://www.exu.pe.leg.br/transparencia/ouvidoria/fale-com-a-ouvidoria</a>.</p>\r\n</li>\r\n</ul>\r\n<p><strong>Documentos Necess\u00e1rios e Etapas</strong></p>\r\n<p><strong></strong>\u00a0 \u00a0 \u00a0Nenhum documento ou procedimento formal \u00e9 necess\u00e1rio, basta preencher um formul\u00e1rio.</p>\r\n<p><strong>Requisitos</strong></p>\r\n<p><strong></strong>\u00a0 \u00a0 \u00a0Nenhum requisito \u00e9 exigido.</p>\r\n<p><strong>Prazos</strong></p>\r\n<p><strong></strong>\u00a0 \u00a0 \u00a0N\u00e3o se aplica, se necess\u00e1rio o Ouvidor Geral faz contato.</p>\r\n<p>\u00a0</p>\r\n<hr />\r\n<h3 style=\"text-align: center; \"></h3>\r\n<h3 style=\"text-align: center; \"><span class=\"visualHighlight\">SUGEST\u00c3O DE PROJETO DE LEI</span></h3>\r\n<p>\u00a0 \u00a0 \u00a0 \u00a0 \u00a0\u00a0Servi\u00e7o dedicado ao recebimento de propostas de Projetos de Leis sugeridos por qualquer cidad\u00e3o.</p>\r\n<p><strong>Formas de Acesso</strong></p>\r\n<ul>\r\n<li><strong>Presencial</strong>:\u00a0O interessado deve procurar a recep\u00e7\u00e3o da casa localizada na Rua Eufr\u00e1sio Alencar, s/n, Centro, Exu-PE, CEP: 56.230-000, de segunda a sexta-feira, das 8h \u00e0s 13h.</li>\r\n<li>\r\n<p><strong>N\u00e3o Presencial</strong>:\u00a0\u00a0O interessado pode fazer sua sugest\u00e3o atrav\u00e9s do formul\u00e1rio eletr\u00f4nico dispon\u00edvel em <a title=\"\" href=\"https://www.exu.pe.leg.br/materias-legislativas/sugestao-de-projeto-de-lei\" class=\"internal-link\" target=\"_self\">https://www.exu.pe.leg.br/materias-legislativas/sugestao-de-projeto-de-lei</a>.</p>\r\n</li>\r\n</ul>\r\n<p><strong>Documentos Necess\u00e1rios e Etapas</strong></p>\r\n<p style=\"text-align: justify; padding-left: 30px; \"><strong></strong>\u00a0 \u00a0 \u00a0Para atendimento presencial, o proponente deve entregar uma c\u00f3pia do projeto, um of\u00edcio mencionando o assunto, e apresentar um documento de identifica\u00e7\u00e3o com foto. Ser\u00e1 coletado seu nome, CPF e localidade de moradia para fins de identifica\u00e7\u00e3o do projeto. Quanto ao andamento o interessado dever\u00e1 procurar a recep\u00e7\u00e3o periodicamente ou deixar um contato para comunica\u00e7\u00e3o.</p>\r\n<p style=\"text-align: justify; padding-left: 30px; \">\u00a0 \u00a0 \u00a0Para atendimento n\u00e3o presencial, ser\u00e1 coletado o nome, a localidade, o e-mail, o projeto por escrito ou um link de compartilhamento de arquivo da propositura. O e-mail informado ser\u00e1 usado como meio de contato e para fins de identifica\u00e7\u00e3o do projeto.</p>\r\n<p style=\"text-align: justify; padding-left: 30px; \">\u00a0 \u00a0\u00a0Toda sugest\u00e3o de projeto \u00e9 encaminhada \u00e0 aprecia\u00e7\u00e3o da assessoria legislativa da casa. Se o conte\u00fado da propositura for inconstitucional, o projeto \u00e9 arquivado e um comunicado ao autor ser\u00e1 lan\u00e7ado. Se o projeto for aprovado, um comunicado ao autor ser\u00e1 lan\u00e7ado, informando a conclus\u00e3o de sua sugest\u00e3o de projeto e que o mesmo ser\u00e1 apresentado ao plen\u00e1rio pela mesa da casa legislativa.</p>\r\n<p><strong>Requisitos</strong></p>\r\n<p style=\"padding-left: 30px; \"><strong></strong>\u00a0 \u00a0 \u00a0Nenhum requisito \u00e9 exigido.</p>\r\n<p><strong>Restri\u00e7\u00f5es</strong></p>\r\n<p style=\"text-align: justify; padding-left: 30px; \"><strong></strong>\u00a0 \u00a0 \u00a0A assessoria legislativa limita o n\u00famero de aprecia\u00e7\u00e3o de sugest\u00f5es de projetos de leis a 30 (trinta) por vez, continuamente. Isso sup\u00f5e que enquanto a assessoria legislativa estiver com trinta sugest\u00f5es em an\u00e1lise, nenhuma outra sugest\u00e3o ser\u00e1 aceite at\u00e9 que pelo menos uma das que est\u00e3o em an\u00e1lise seja arquivada ou apresentada ao plen\u00e1rio.</p>\r\n<p><strong>Prazos</strong></p>\r\n<p style=\"padding-left: 30px; \"><strong></strong>\u00a0 \u00a0 \u00a0O interessado dever\u00e1 aguardar o resultado da aprecia\u00e7\u00e3o da assessoria legislativa por at\u00e9 60 (sessenta) dias.</p>\r\n<p style=\"text-align: justify; \"><span><br /></span></p>\r\n<hr />\r\n<p style=\"text-align: justify; \"><span><br /></span></p>\r\n<h3 style=\"text-align: center; \"><span class=\"visualHighlight\">ACESSO \u00c0 TRAMITA\u00c7\u00d5ES DOS PROJETOS DE LEIS E DE ATOS INFRALEGAIS</span></h3>\r\n<p style=\"text-align: justify; \">\u00a0 \u00a0 \u00a0 \u00a0 \u00a0 Reposit\u00f3rio de informa\u00e7\u00f5es relacionadas a projetos de leis e de atos infralegais desta casa de leis.</p>\r\n<p style=\"text-align: justify; \"><strong>Formas de Acesso</strong></p>\r\n<ul style=\"text-align: justify; \">\r\n<li>\r\n<p><strong>N\u00e3o Presencial</strong>:\u00a0\u00a0Atrav\u00e9s da Internet no link <a title=\"\" href=\"https://www.exu.pe.leg.br/materias-legislativas/projetos-leis-e-atos\" class=\"internal-link\" target=\"_self\">https://www.exu.pe.leg.br/materias-legislativas/projetos-leis-e-atos</a>.</p>\r\n</li>\r\n</ul>\r\n<p style=\"text-align: justify; \"><strong>Documentos Necess\u00e1rios e Etapas</strong></p>\r\n<p style=\"text-align: justify; padding-left: 30px; \"><strong></strong>\u00a0 \u00a0 \u00a0Nenhum documento ou procedimento formal \u00e9 necess\u00e1rio<span>.</span></p>\r\n<p style=\"text-align: justify; \"><strong>Requisitos</strong></p>\r\n<p style=\"text-align: justify; padding-left: 30px; \"><strong></strong>\u00a0 \u00a0 \u00a0Nenhum requisito \u00e9 exigido.</p>\r\n<p style=\"text-align: justify; \"><strong>Prazos</strong></p>\r\n<p style=\"text-align: justify; padding-left: 30px; \"><strong></strong>\u00a0 \u00a0 \u00a0Atendimento imediato.</p>\r\n<p style=\"text-align: justify; \"><span><br /></span></p>\r\n<hr />\r\n<p style=\"text-align: justify; \"><span><br /></span></p>\r\n<h3 style=\"text-align: center; \"><span class=\"visualHighlight\">ACESSO \u00c0 LEIS E ATOS INFRALEGAIS</span></h3>\r\n<p>\u00a0 \u00a0 \u00a0 \u00a0 \u00a0 Reposit\u00f3rio de leis municipais e de atos infralegais desta casa de leis.</p>\r\n<p><strong>Formas de Acesso</strong></p>\r\n<ul>\r\n<li>\r\n<p><strong>N\u00e3o Presencial</strong>:\u00a0Atrav\u00e9s da Internet no link\u00a0<a title=\"\" href=\"https://www.exu.pe.leg.br/legislacao/leis-municipais-e-atos-infralegais\" class=\"external-link\" target=\"_self\">https://www.exu.pe.leg.br/legislacao/leis-municipais-e-atos-infralegais</a></p>\r\n</li>\r\n</ul>\r\n<p><strong>Documentos Necess\u00e1rios e Etapas</strong></p>\r\n<p style=\"padding-left: 30px; \"><strong></strong>\u00a0 \u00a0 \u00a0Nenhum documento ou procedimento formal \u00e9 necess\u00e1rio<span>.</span></p>\r\n<p><strong>Requisitos</strong></p>\r\n<p style=\"padding-left: 30px; \"><strong></strong>\u00a0 \u00a0 \u00a0Nenhum requisito \u00e9 exigido.</p>\r\n<p><strong>Prazos</strong></p>\r\n<p style=\"padding-left: 30px; \"><strong></strong>\u00a0 \u00a0 \u00a0Atendimento imediato.</p>\r\n<p>\u00a0</p>\r\n<hr />\r\n<h3 style=\"text-align: center; \"></h3>\r\n<h3 style=\"text-align: center; \"><span class=\"visualHighlight\">ACESSO \u00c0 INFORMA\u00c7\u00d5ES REFERENTES A EXECU\u00c7\u00c3O OR\u00c7AMENT\u00c1RIA</span></h3>\r\n<p style=\"text-align: justify; \">\u00a0 \u00a0 \u00a0 \u00a0 \u00a0 Publica\u00e7\u00e3o de informa\u00e7\u00f5es referentes a receitas, despesas e quadro de servidores desta casa de leis.</p>\r\n<p style=\"text-align: justify; \"><strong>Formas de Acesso</strong></p>\r\n<ul style=\"text-align: justify; \">\r\n<li>\r\n<p><strong>N\u00e3o Presencial</strong>:\u00a0Atrav\u00e9s da Internet no link <a title=\"\" href=\"https://www.exu.pe.leg.br/transparencia/portal-transparencia-camara-exu\" class=\"internal-link\" target=\"_self\">https://www.exu.pe.leg.br/transparencia</a>.</p>\r\n</li>\r\n</ul>\r\n<p style=\"text-align: justify; \"><strong>Documentos Necess\u00e1rios e Etapas</strong></p>\r\n<p style=\"text-align: justify; padding-left: 30px; \"><strong></strong>\u00a0 \u00a0 \u00a0Nenhum documento ou procedimento formal \u00e9 necess\u00e1rio.</p>\r\n<p style=\"text-align: justify; \"><strong>Requisitos</strong></p>\r\n<p style=\"text-align: justify; padding-left: 30px; \"><strong></strong>\u00a0 \u00a0 \u00a0Nenhum requisito \u00e9 exigido.</p>\r\n<p style=\"text-align: justify; \"><strong>Prazos</strong></p>\r\n<p style=\"text-align: justify; padding-left: 30px; \"><strong></strong>\u00a0 \u00a0 \u00a0Atendimento imediato.</p>\r\n<p style=\"text-align: justify; \"><span><br /></span></p>\r\n<hr />\r\n<h3></h3>\r\n<h3 style=\"text-align: center; \"><span class=\"visualHighlight\">ACESSO \u00c0 INFORMA\u00c7\u00d5ES REFERENTES A FISCALIZA\u00c7\u00c3O DO PODER EXECUTIVO</span></h3>\r\n<p style=\"text-align: justify; \">\u00a0 \u00a0 \u00a0 \u00a0 \u00a0 Publica\u00e7\u00e3o de atos de presta\u00e7\u00f5es de contas do poder executivos municipal, julgadas pelo poder legislativo municipal.</p>\r\n<p><strong>Formas de Acesso</strong></p>\r\n<ul>\r\n<li>\r\n<p><strong>N\u00e3o Presencial</strong>:\u00a0Atrav\u00e9s da Internet no link <a title=\"\" href=\"https://www.exu.pe.leg.br/transparencia/atos-de-apreciacao-de-contas-do-executivo\" class=\"internal-link\" target=\"_self\">https://www.exu.pe.leg.br/transparencia/atos-de-apreciacao-de-contas-do-executivo</a>.</p>\r\n</li>\r\n</ul>\r\n<p><strong>Documentos Necess\u00e1rios e Etapas</strong></p>\r\n<p style=\"padding-left: 30px; \"><strong></strong>\u00a0 \u00a0 \u00a0Nenhum documento ou procedimento formal \u00e9 necess\u00e1rio.</p>\r\n<p><strong>Requisitos</strong></p>\r\n<p style=\"padding-left: 30px; \"><strong></strong>\u00a0 \u00a0 \u00a0Nenhum requisito \u00e9 exigido.</p>\r\n<p><strong>Prazos</strong></p>\r\n<p style=\"padding-left: 30px; \"><strong></strong>\u00a0 \u00a0 \u00a0Atendimento imediato.</p>\r\n<p style=\"text-align: justify; \"><span><br /></span></p>\r\n<hr />\r\n<h3></h3>\r\n<h3 style=\"text-align: center; \"><span class=\"visualHighlight\">PUBLICA\u00c7\u00c3O E INTERA\u00c7\u00c3O EM REDES SOCIAIS</span></h3>\r\n<p style=\"text-align: justify; \">\u00a0 \u00a0 \u00a0 \u00a0 \u00a0 Perfil em rede social para interagir e levar informa\u00e7\u00f5es a um p\u00fablico mais abrangente.</p>\r\n<p><strong>Formas de Acesso</strong></p>\r\n<ul>\r\n<li>\r\n<p><strong>N\u00e3o Presencial</strong>:\u00a0Atrav\u00e9s da Internet no link <a class=\"external-link\" href=\"https://www.instagram.com/camaramunicipalexu/\" target=\"_self\" title=\"\">https://www.instagram.com/camaramunicipalexu/</a>.</p>\r\n</li>\r\n</ul>\r\n<p><strong>Documentos Necess\u00e1rios e Etapas</strong></p>\r\n<p style=\"padding-left: 30px; \"><strong></strong>\u00a0 \u00a0 \u00a0Nenhum documento ou procedimento formal \u00e9 necess\u00e1rio.</p>\r\n<p><strong>Requisitos</strong></p>\r\n<p style=\"padding-left: 30px; \"><strong></strong>\u00a0 \u00a0 \u00a0Para interagir e ter acessos a mais funcionalidades, \u00e9 necess\u00e1rio criar uma conta no Instagram.</p>\r\n<p><strong>Prazos</strong></p>\r\n<p style=\"padding-left: 30px; \"><strong></strong>\u00a0 \u00a0 \u00a0Atendimento imediato.</p>\r\n<p style=\"text-align: justify; \"><span><br /></span></p>\r\n<hr />\r\n<h3></h3>\r\n<h3 style=\"text-align: center; \"><span class=\"visualHighlight\">TRANSMISS\u00d5ES DE SESS\u00d5ES PLEN\u00c1RIAS</span></h3>\r\n<p style=\"text-align: justify; \">\u00a0 \u00a0 \u00a0 \u00a0 \u00a0\u00a0Possibilitar aos cidad\u00e3os, a comodidade de assistir as sess\u00f5es plen\u00e1rias remotamente.</p>\r\n<p><strong>Formas de Acesso</strong></p>\r\n<ul>\r\n<li>\r\n<p><strong>N\u00e3o Presencial</strong>:\u00a0Atrav\u00e9s da Internet no link <a class=\"external-link\" href=\"https://www.youtube.com/@camaradeexu\" target=\"_self\" title=\"\">https://www.youtube.com/@camaradeexu</a>.</p>\r\n</li>\r\n</ul>\r\n<p><strong>Documentos Necess\u00e1rios e Etapas</strong></p>\r\n<p style=\"padding-left: 30px; \"><strong></strong>\u00a0 \u00a0 \u00a0Nenhum documento ou procedimento formal \u00e9 necess\u00e1rio.</p>\r\n<p><strong>Requisitos</strong></p>\r\n<p style=\"padding-left: 30px; \"><strong></strong>\u00a0 \u00a0 \u00a0Nenhum requisito \u00e9 exigido.</p>\r\n<p><strong>Prazos</strong></p>\r\n<p style=\"padding-left: 30px; \"><strong></strong>\u00a0 \u00a0 \u00a0Atendimento imediato.</p>\r\n<p style=\"text-align: justify; \"><span><br /></span></p>\r\n<hr />\r\n<h3></h3>\r\n<h3 style=\"text-align: center; \"><span class=\"visualHighlight\">PARTICIPA\u00c7\u00c3O EM SESS\u00c3O PLEN\u00c1RIA</span></h3>\r\n<p style=\"text-align: justify; \">\u00a0 \u00a0 \u00a0 \u00a0 \u00a0 Possibilita que o cidad\u00e3o tenha seu momento de fala nas sess\u00f5es plen\u00e1rias.</p>\r\n<p><strong>Formas de Acesso</strong></p>\r\n<ul>\r\n<li>\r\n<p><strong>Presencial</strong>:\u00a0Procurar a assessoria legislativa da casa localizada na Rua Eufr\u00e1sio Alencar, s/n, Centro, Exu-PE, CEP: 56.230-000, todas as quintas-feiras das 8h \u00e0s 13h.</p>\r\n</li>\r\n</ul>\r\n<p><strong>Documentos Necess\u00e1rios e Etapas</strong></p>\r\n<p style=\"padding-left: 30px; text-align: justify; \"><strong></strong>\u00a0 \u00a0 \u00a0O interessado deve apresentar um documento de identifica\u00e7\u00e3o com foto. O assessor da casa efetuar\u00e1 o credenciamento coletando seu nome, o assunto do qual vai se pronunciar, e sua assinatura dando ci\u00eancia das grava\u00e7\u00f5es e uso de imagens. O credenciado dever\u00e1 aguardar no espa\u00e7o reservado ao p\u00fablico. No momento prop\u00edcio o presidente da sess\u00e3o convocar\u00e1 o interessado passando-lhe a palavra.</p>\r\n<p><strong>Requisitos</strong></p>\r\n<p style=\"padding-left: 30px; \"><strong></strong>\u00a0 \u00a0 \u00a0Credenciar-se at\u00e9 1h (uma hora) antes do in\u00edcio da sess\u00e3o.</p>\r\n<p><strong>Restri\u00e7\u00f5es</strong></p>\r\n<p style=\"padding-left: 30px; \"><strong></strong>\u00a0 \u00a0 \u00a0N\u00e3o \u00e9 permitido mais que 10 (dez) credenciamentos por sess\u00e3o.</p>\r\n<p><strong>Prazos</strong></p>\r\n<p style=\"padding-left: 30px; \"><strong></strong>\u00a0 \u00a0 \u00a0Atendimento imediato.</p>\r\n<p style=\"text-align: justify; \">\u00a0</p>\r\n<hr />\r\n<h3></h3>\r\n<h3 style=\"text-align: center; \"><span class=\"visualHighlight\">VISITAS DE INSTITUI\u00c7\u00d5ES DE ENSINO</span></h3>\r\n<p style=\"text-align: justify; \">\u00a0 \u00a0 \u00a0 \u00a0 \u00a0\u00a0A oferta deste servi\u00e7o busca a transmiss\u00e3o de conhecimentos sobre assuntos voltados ao poder legislativo local. A C\u00e2mara Municipal de Exu recebe em suas instala\u00e7\u00f5es alunos e\u00a0 professores para um momento de di\u00e1logo enriquecedor com membro(s) da casa intermediado pela Escola do Legislativo da C\u00e2mara Municipal de Exu-PE, Maria Parente Brito.</p>\r\n<p><strong>Formas de Acesso</strong></p>\r\n<ul>\r\n<li>\r\n<p><strong>Presencial</strong>:\u00a0Procurar a recep\u00e7\u00e3o da casa localizada na Rua Eufr\u00e1sio Alencar, s/n, Centro, Exu-PE, CEP: 56.230-000, de segunda a sexta-feira, das 8h \u00e0s 13h.</p>\r\n</li>\r\n</ul>\r\n<p><strong>Documentos Necess\u00e1rios e Etapas</strong></p>\r\n<p style=\"text-align: justify; padding-left: 30px; \"><strong></strong>\u00a0 \u00a0 \u00a0<span>A entidade interessada deve entregar um of\u00edcio solicitando o servi\u00e7o, informando os respons\u00e1veis, os meios de contatos e os poss\u00edveis dias da semana que a entidade pode conduzir o pessoal at\u00e9 o local. A recep\u00e7\u00e3o da casa encaminhar\u00e1 o of\u00edcio \u00e0 secretaria executiva, que agendar\u00e1 o evento juntamente com a mesa diretora.</span></p>\r\n<p style=\"text-align: justify; padding-left: 30px; \">\u00a0 \u00a0 A secretaria executiva entrar\u00e1 em contato com a interessada informando a data e a hora do evento.</p>\r\n<p><strong>Requisitos</strong></p>\r\n<p style=\"padding-left: 30px; \"><strong></strong>\u00a0 \u00a0 \u00a0Nenhum requisito \u00e9 exigido.</p>\r\n<p><strong>Prazos</strong></p>\r\n<p style=\"padding-left: 30px; \"><strong></strong>\u00a0 \u00a0 \u00a0A entidade receber\u00e1 seu agendamento em at\u00e9 30 (trinta) dias, a contar a partir do recebimento do of\u00edcio.</p>\r\n<hr />\r\n<p style=\"text-align: justify; \">\u00a0</p>", "author_name": "", "version": "1.0", "author_url": "https://www.exu.pe.leg.br/author/exu", "provider_name": "C\u00e2mara Municipal de Exu", "type": "rich"}